{"id":210,"__str__":"Principal: Projeto de Lei do Executivo n\u00ba 27 de 2023 - Anexada: Parecer Justi\u00e7a e Reda\u00e7\u00e3o - PL - Exe n\u00ba 27 de 2023","link_detail_backend":"/materia/anexada/210","metadata":{},"data_anexacao":"2023-06-28","data_desanexacao":null,"materia_principal":1508,"materia_anexada":1549}