{"id":380,"__str__":"Principal: Projeto de Lei do Legislativo n\u00ba 16 de 2023 - Anexada: Parecer Justi\u00e7a e Reda\u00e7\u00e3o - PL - Leg n\u00ba 16 de 2023","link_detail_backend":"/materia/anexada/380","metadata":{},"data_anexacao":"2023-11-07","data_desanexacao":null,"materia_principal":2086,"materia_anexada":2146}