{"id":1568,"__str__":"Requerimento verbal - Plen\u00e1rio n\u00ba 22 de 2023","link_detail_backend":"/materia/1568","metadata":{},"numero":22,"ano":2023,"numero_protocolo":null,"data_apresentacao":"2023-07-03","tipo_apresentacao":"O","data_publicacao":null,"numero_origem_externa":"","ano_origem_externa":null,"data_origem_externa":"2023-07-03","apelido":"","dias_prazo":null,"data_fim_prazo":null,"em_tramitacao":true,"polemica":false,"objeto":"","complementar":false,"ementa":"Destaque para vota\u00e7\u00e3o em separado, do parecer do TCESP - contas de 2020-Exe. Referernte ao pararecer do Relator Especial  da Comiss\u00e3o Permanente - ECE.","indexacao":"","observacao":"","resultado":"","texto_original":null,"data_ultima_atualizacao":"2023-07-03T21:48:22.798540-03:00","ip":"45.166.211.202","ultima_edicao":"2023-07-03T21:48:22.661631-03:00","tipo":93,"regime_tramitacao":1,"tipo_origem_externa":null,"local_origem_externa":2,"user":4,"anexadas":[],"autores":[10]}