{"id":2451,"__str__":"Mo\u00e7\u00e3o verbal fala dos inscritos - Plen\u00e1rio n\u00ba 1 de 2024","link_detail_backend":"/materia/2451","metadata":{},"numero":1,"ano":2024,"numero_protocolo":null,"data_apresentacao":"2024-02-15","tipo_apresentacao":"O","data_publicacao":null,"numero_origem_externa":"","ano_origem_externa":null,"data_origem_externa":null,"apelido":"","dias_prazo":null,"data_fim_prazo":null,"em_tramitacao":true,"polemica":false,"objeto":"","complementar":false,"ementa":"1\u00aa Mo\u00e7\u00e3o Verbal de pesar: \"Eu quero tamb\u00e9m, aqui, citar sobre uma perda que n\u00f3s tivemos no nosso munic\u00edpio ontem; um amigo, um funcion\u00e1rio p\u00fablico, um ex-candidato a vereador, um lutador por Jardin\u00f3polis; meu amigo eterno Lu\u00eds Carlos Rato. Quero fazer uma mo\u00e7\u00e3o de pesar... O Rato foi uma pessoa lutadora, v\u00e1rias vezes disputou a elei\u00e7\u00e3o candidato a vereador; mas, infelizmente, Deus recolheu ele ontem e levou ele. N\u00e3o est\u00e1 no meio de n\u00f3s, mas ser\u00e1 eternamente lembrado em nossos cora\u00e7\u00f5es; principalmente, na parte do Esporte, que ele era um lutador para entregar trof\u00e9u e organizar futebol. Ent\u00e3o, fica aqui a minha mo\u00e7\u00e3o de pesar \u00e0 fam\u00edlia do Rato.\"","indexacao":"","observacao":"","resultado":"","texto_original":null,"data_ultima_atualizacao":"2024-02-26T16:51:01.834899-03:00","ip":"45.166.211.202","ultima_edicao":"2024-02-26T16:51:01.693344-03:00","tipo":32,"regime_tramitacao":1,"tipo_origem_externa":null,"local_origem_externa":null,"user":6,"anexadas":[],"autores":[11]}