{"id":3336,"__str__":"Requerimento verbal - Plen\u00e1rio n\u00ba 1 de 2025","link_detail_backend":"/materia/3336","metadata":{},"numero":1,"ano":2025,"numero_protocolo":null,"data_apresentacao":"2025-01-28","tipo_apresentacao":"O","data_publicacao":null,"numero_origem_externa":"","ano_origem_externa":null,"data_origem_externa":null,"apelido":"","dias_prazo":null,"data_fim_prazo":null,"em_tramitacao":true,"polemica":false,"objeto":"","complementar":false,"ementa":"Primeiro requerimento verbal - Vereador Jose Eduardo Gomes Junior, para invers\u00e3o da ordem de aprecia\u00e7\u00e3o das mat\u00e9rias constantes da pauta a fim de que primeiro sejam apreciados os projetos de autoria do poder executivo, 01/2025-Exe, 02/2025-Exe e 03/2025-Exe, e por \u00faltimo o PL 01/2025-Leg.","indexacao":"","observacao":"","resultado":"","texto_original":null,"data_ultima_atualizacao":"2025-02-03T19:10:02.460966-03:00","ip":"45.166.211.202","ultima_edicao":"2025-02-03T19:10:02.368375-03:00","tipo":93,"regime_tramitacao":3,"tipo_origem_externa":null,"local_origem_externa":null,"user":6,"anexadas":[],"autores":[14]}