{"id":4755,"__str__":"Requerimento verbal - Plen\u00e1rio n\u00ba 9 de 2026","link_detail_backend":"/materia/4755","metadata":{},"numero":9,"ano":2026,"numero_protocolo":null,"data_apresentacao":"2026-04-13","tipo_apresentacao":"O","data_publicacao":null,"numero_origem_externa":"","ano_origem_externa":null,"data_origem_externa":null,"apelido":"","dias_prazo":null,"data_fim_prazo":null,"em_tramitacao":true,"polemica":false,"objeto":"","complementar":false,"ementa":"Requeiro a dispensa de parecer de todas as comiss\u00f5es permanentes em rela\u00e7\u00e3o ao PL n\u00ba 20/2026-Exe, e que ele seja pautado em sess\u00e3o extraordin\u00e1ria no decorrer desta semana ou na pr\u00f3xima sess\u00e3o ordin\u00e1ria.","indexacao":"","observacao":"","resultado":"","texto_original":null,"data_ultima_atualizacao":"2026-04-14T08:24:24.584612-03:00","ip":"45.166.211.202","ultima_edicao":"2026-04-13T19:20:45.290202-03:00","tipo":93,"regime_tramitacao":1,"tipo_origem_externa":null,"local_origem_externa":null,"user":20,"anexadas":[],"autores":[41]}