{"id":1124,"__str__":"Parecer Comiss\u00e3o de Justi\u00e7a e Reda\u00e7\u00e3o - PDec - Leg n\u00ba 1 de 2023 | PREJUDICADO | 01/06/2023","link_detail_backend":"/materia/tramitacao/1124","metadata":{},"timestamp":"2023-06-01T09:35:56.671913-03:00","data_tramitacao":"2023-06-01","data_encaminhamento":"2023-06-01","urgente":true,"turno":"U","texto":"Prejudicado em raz\u00e3o do DEcreto n\u00ba 6.977/23, que \u201cREVOGA O ARTIGO 3\u00ba DO DECRETO MUNICIPAL N.\u00ba 6971/2023, QUE \u2018DISP\u00d5E SOBRE O REAJUSTE AOS PROFISSIONAIS DO MAGIST\u00c9RIO P\u00daBLICO MUNICIPAL REFERENTE AO PISO NACIONAL DA CATEGORIA, NA FORMA QUE ESPECIFICA, EM CUMPRIMENTO AO ESTABELECIDO NA LEI FEDERAL N\u00ba 11.738, DE 16 DE JULHO DE 2008.\"","data_fim_prazo":"2023-06-01","ip":"177.82.83.2","ultima_edicao":"2023-06-01T09:34:28.632145-03:00","status":47,"materia":1435,"unidade_tramitacao_local":9,"unidade_tramitacao_destino":9,"user":4}