{"id":177,"__str__":"Parecer Justi\u00e7a e Reda\u00e7\u00e3o - PRes - Leg n\u00ba 5 de 2023 | APROVADO | 08/03/2023","link_detail_backend":"/materia/tramitacao/177","metadata":{},"timestamp":"2023-03-08T07:56:05.318565-03:00","data_tramitacao":"2023-03-08","data_encaminhamento":"2023-03-08","urgente":true,"turno":"U","texto":"Aprovado o parecer  na  sess\u00e3o extraordin\u00e1ria, realizada no dia 06/03/23.","data_fim_prazo":null,"ip":"45.166.211.202","ultima_edicao":"2023-03-08T07:55:36.490795-03:00","status":45,"materia":944,"unidade_tramitacao_local":9,"unidade_tramitacao_destino":9,"user":4}