{"id":2159,"__str__":"Emenda verbal - Plen\u00e1rio n\u00ba 9 de 2023 | Aguardando emiss\u00e3o de parecer da comiss\u00e3o | 12/09/2023","link_detail_backend":"/materia/tramitacao/2159","metadata":{},"timestamp":"2023-09-11T21:25:57.809312-03:00","data_tramitacao":"2023-09-12","data_encaminhamento":"2023-09-12","urgente":true,"turno":"U","texto":"PLC 001/23-Leg. - Emenda apresentada de forma verbal no plen\u00e1rio da Sess\u00e3o Ordin\u00e1ria de 11/09/23. Tramita\u00e7\u00e3o junto com o projeto.","data_fim_prazo":null,"ip":"45.166.211.202","ultima_edicao":"2023-09-11T21:24:06.659517-03:00","status":5,"materia":1921,"unidade_tramitacao_local":9,"unidade_tramitacao_destino":4,"user":4}